{"id":628,"date":"2026-01-21T16:26:10","date_gmt":"2026-01-21T16:26:10","guid":{"rendered":"https:\/\/asder.com.sv\/vocesesal\/?p=628"},"modified":"2026-01-21T16:29:11","modified_gmt":"2026-01-21T16:29:11","slug":"esal-empresarial-fortalece-las-capacidades-comerciales-de-once-desarrollo","status":"publish","type":"post","link":"https:\/\/asder.com.sv\/vocesesal\/2026\/01\/21\/esal-empresarial-fortalece-las-capacidades-comerciales-de-once-desarrollo\/","title":{"rendered":"ESAL Empresarial fortalece las capacidades comerciales de Once Desarrollo"},"content":{"rendered":"[et_pb_section admin_label=&#8221;section&#8221;]\n\t\t\t[et_pb_row admin_label=&#8221;row&#8221;]\n\t\t\t\t[et_pb_column type=&#8221;4_4&#8243;][et_pb_text admin_label=&#8221;Text&#8221;]\n<p class=\"wp-block-paragraph\">ESAL Empresarial llev\u00f3 a cabo un proceso de capacitaci\u00f3n dirigido a la empresa <strong>Once Desarrollo<\/strong>, con el objetivo de fortalecer sus habilidades comerciales y comunicacionales mediante herramientas pr\u00e1cticas y actuales.<\/p>\n\n\n\n<p class=\"wp-block-paragraph\">Durante las jornadas formativas, el equipo de Once Desarrollo recibi\u00f3 capacitaci\u00f3n en <strong>estrategias de ventas<\/strong>, enfocadas en mejorar los procesos de captaci\u00f3n de clientes y cierre comercial. Asimismo, se desarroll\u00f3 un taller especializado en <strong>producci\u00f3n de contenidos para redes sociales<\/strong>, orientado espec\u00edficamente a potenciar las ventas a trav\u00e9s de plataformas digitales y una comunicaci\u00f3n m\u00e1s efectiva con su audiencia.<\/p>\n\n\n\n<figure class=\"wp-block-gallery has-nested-images columns-default is-cropped wp-block-gallery-1 is-layout-flex wp-block-gallery-is-layout-flex\">\n<figure class=\"wp-block-image size-large\"><img loading=\"lazy\" decoding=\"async\" width=\"768\" height=\"1024\" data-id=\"631\" src=\"https:\/\/asder.com.sv\/vocesesal\/\/wp-content\/uploads\/2026\/01\/IMG_0553-768x1024.jpg\" alt=\"\" class=\"wp-image-631\"\/><\/figure>\n\n\n\n<figure class=\"wp-block-image size-large\"><img loading=\"lazy\" decoding=\"async\" width=\"768\" height=\"1024\" data-id=\"630\" src=\"https:\/\/asder.com.sv\/vocesesal\/\/wp-content\/uploads\/2026\/01\/IMG_0549-768x1024.jpg\" alt=\"\" class=\"wp-image-630\"\/><\/figure>\n\n\n\n<figure class=\"wp-block-image size-large\"><img loading=\"lazy\" decoding=\"async\" width=\"576\" height=\"1024\" data-id=\"632\" src=\"https:\/\/asder.com.sv\/vocesesal\/\/wp-content\/uploads\/2026\/01\/WhatsApp-Image-2026-01-21-at-10.08.28-AM-576x1024.jpeg\" alt=\"\" class=\"wp-image-632\" srcset=\"https:\/\/asder.com.sv\/vocesesal\/\/wp-content\/uploads\/2026\/01\/WhatsApp-Image-2026-01-21-at-10.08.28-AM-576x1024.jpeg 576w, https:\/\/asder.com.sv\/vocesesal\/\/wp-content\/uploads\/2026\/01\/WhatsApp-Image-2026-01-21-at-10.08.28-AM-480x853.jpeg 480w\" sizes=\"(min-width: 0px) and (max-width: 480px) 480px, (min-width: 481px) 576px, 100vw\" \/><\/figure>\n<\/figure>\n\n\n\n<p class=\"wp-block-paragraph\">Como cierre del programa, se imparti\u00f3 el taller de <strong>manejo de la voz<\/strong>, en el que los participantes aprendieron t\u00e9cnicas para una correcta proyecci\u00f3n vocal, dicci\u00f3n y uso de la voz como herramienta clave en la comunicaci\u00f3n corporativa, ventas y atenci\u00f3n al cliente.<\/p>\n\n\n\n<p class=\"wp-block-paragraph\">Con este tipo de iniciativas, <strong>ESAL Empresarial<\/strong> reafirma su compromiso de brindar capacitaciones integrales y de alto impacto, contribuyendo al crecimiento y profesionalizaci\u00f3n de las empresas salvadore\u00f1as mediante el desarrollo de competencias estrat\u00e9gicas adaptadas a las nuevas exigencias del mercado.<br><br>Capacita a tu empresa con nosotros, para mayor informaci\u00f3n escr\u00edbenos por Whatsapp al 7810-0527 o por correo electr\u00f3nico wilson.morales@esal.edu.sv<\/p>\n[\/et_pb_text][\/et_pb_column]\n\t\t\t[\/et_pb_row]\n\t\t[\/et_pb_section]","protected":false},"excerpt":{"rendered":"<p>ESAL Empresarial llev\u00f3 a cabo un proceso de capacitaci\u00f3n dirigido a la empresa Once Desarrollo, con el objetivo de fortalecer sus habilidades comerciales y comunicacionales mediante herramientas pr\u00e1cticas y actuales. Durante las jornadas formativas, el equipo de Once Desarrollo recibi\u00f3 capacitaci\u00f3n en estrategias de ventas, enfocadas en mejorar los procesos de captaci\u00f3n de clientes y [&hellip;]<\/p>\n","protected":false},"author":1,"featured_media":629,"comment_status":"open","ping_status":"open","sticky":false,"template":"","format":"standard","meta":{"_et_pb_use_builder":"on","_et_pb_old_content":"<!-- wp:paragraph -->\n<p>ESAL Empresarial llev\u00f3 a cabo un proceso de capacitaci\u00f3n dirigido a la empresa <strong>Once Desarrollo<\/strong>, con el objetivo de fortalecer sus habilidades comerciales y comunicacionales mediante herramientas pr\u00e1cticas y actuales.<\/p>\n<!-- \/wp:paragraph -->\n\n<!-- wp:paragraph -->\n<p>Durante las jornadas formativas, el equipo de Once Desarrollo recibi\u00f3 capacitaci\u00f3n en <strong>estrategias de ventas<\/strong>, enfocadas en mejorar los procesos de captaci\u00f3n de clientes y cierre comercial. Asimismo, se desarroll\u00f3 un taller especializado en <strong>producci\u00f3n de contenidos para redes sociales<\/strong>, orientado espec\u00edficamente a potenciar las ventas a trav\u00e9s de plataformas digitales y una comunicaci\u00f3n m\u00e1s efectiva con su audiencia.<\/p>\n<!-- \/wp:paragraph -->\n\n<!-- wp:gallery {\"linkTo\":\"none\"} -->\n<figure class=\"wp-block-gallery has-nested-images columns-default is-cropped\"><!-- wp:image {\"id\":631,\"sizeSlug\":\"large\",\"linkDestination\":\"none\"} -->\n<figure class=\"wp-block-image size-large\"><img src=\"https:\/\/asder.com.sv\/vocesesal\/\/wp-content\/uploads\/2026\/01\/IMG_0553-768x1024.jpg\" alt=\"\" class=\"wp-image-631\"\/><\/figure>\n<!-- \/wp:image -->\n\n<!-- wp:image {\"id\":630,\"sizeSlug\":\"large\",\"linkDestination\":\"none\"} -->\n<figure class=\"wp-block-image size-large\"><img src=\"https:\/\/asder.com.sv\/vocesesal\/\/wp-content\/uploads\/2026\/01\/IMG_0549-768x1024.jpg\" alt=\"\" class=\"wp-image-630\"\/><\/figure>\n<!-- \/wp:image -->\n\n<!-- wp:image {\"id\":632,\"sizeSlug\":\"large\",\"linkDestination\":\"none\"} -->\n<figure class=\"wp-block-image size-large\"><img src=\"https:\/\/asder.com.sv\/vocesesal\/\/wp-content\/uploads\/2026\/01\/WhatsApp-Image-2026-01-21-at-10.08.28-AM-576x1024.jpeg\" alt=\"\" class=\"wp-image-632\"\/><\/figure>\n<!-- \/wp:image --><\/figure>\n<!-- \/wp:gallery -->\n\n<!-- wp:paragraph -->\n<p>Como cierre del programa, se imparti\u00f3 el taller de <strong>manejo de la voz<\/strong>, en el que los participantes aprendieron t\u00e9cnicas para una correcta proyecci\u00f3n vocal, dicci\u00f3n y uso de la voz como herramienta clave en la comunicaci\u00f3n corporativa, ventas y atenci\u00f3n al cliente.<\/p>\n<!-- \/wp:paragraph -->\n\n<!-- wp:paragraph -->\n<p>Con este tipo de iniciativas, <strong>ESAL Empresarial<\/strong> reafirma su compromiso de brindar capacitaciones integrales y de alto impacto, contribuyendo al crecimiento y profesionalizaci\u00f3n de las empresas salvadore\u00f1as mediante el desarrollo de competencias estrat\u00e9gicas adaptadas a las nuevas exigencias del mercado.<br><br>Capacita a tu empresa con nosotros, para mayor informaci\u00f3n escr\u00edbenos por Whatsapp al 7810-0527 o por correo electr\u00f3nico wilson.morales@esal.edu.sv<\/p>\n<!-- \/wp:paragraph -->","_et_gb_content_width":"","footnotes":""},"categories":[9],"tags":[],"class_list":["post-628","post","type-post","status-publish","format-standard","has-post-thumbnail","hentry","category-esal-empresarial"],"_links":{"self":[{"href":"https:\/\/asder.com.sv\/vocesesal\/wp-json\/wp\/v2\/posts\/628","targetHints":{"allow":["GET"]}}],"collection":[{"href":"https:\/\/asder.com.sv\/vocesesal\/wp-json\/wp\/v2\/posts"}],"about":[{"href":"https:\/\/asder.com.sv\/vocesesal\/wp-json\/wp\/v2\/types\/post"}],"author":[{"embeddable":true,"href":"https:\/\/asder.com.sv\/vocesesal\/wp-json\/wp\/v2\/users\/1"}],"replies":[{"embeddable":true,"href":"https:\/\/asder.com.sv\/vocesesal\/wp-json\/wp\/v2\/comments?post=628"}],"version-history":[{"count":3,"href":"https:\/\/asder.com.sv\/vocesesal\/wp-json\/wp\/v2\/posts\/628\/revisions"}],"predecessor-version":[{"id":637,"href":"https:\/\/asder.com.sv\/vocesesal\/wp-json\/wp\/v2\/posts\/628\/revisions\/637"}],"wp:featuredmedia":[{"embeddable":true,"href":"https:\/\/asder.com.sv\/vocesesal\/wp-json\/wp\/v2\/media\/629"}],"wp:attachment":[{"href":"https:\/\/asder.com.sv\/vocesesal\/wp-json\/wp\/v2\/media?parent=628"}],"wp:term":[{"taxonomy":"category","embeddable":true,"href":"https:\/\/asder.com.sv\/vocesesal\/wp-json\/wp\/v2\/categories?post=628"},{"taxonomy":"post_tag","embeddable":true,"href":"https:\/\/asder.com.sv\/vocesesal\/wp-json\/wp\/v2\/tags?post=628"}],"curies":[{"name":"wp","href":"https:\/\/api.w.org\/{rel}","templated":true}]}}